{"id":114650,"date":"2025-08-08T14:27:24","date_gmt":"2025-08-08T14:27:24","guid":{"rendered":"https:\/\/pagestreet.com\/?p=114650"},"modified":"2025-08-11T08:08:53","modified_gmt":"2025-08-11T08:08:53","slug":"allocation-de-recherche-et-limpot-sur-le-revenu","status":"publish","type":"post","link":"https:\/\/pagestreet.com\/fr\/allocation-de-recherche-et-limpot-sur-le-revenu\/","title":{"rendered":"Comment l&rsquo;allocation de recherche est-elle cr\u00e9dit\u00e9e sur l&rsquo;imp\u00f4t sur le revenu ?"},"content":{"rendered":"<div class=\"wpb-content-wrapper\"><p>[vc_row row_height_percent=\u00a0\u00bb0&Prime; override_padding=\u00a0\u00bbyes\u00a0\u00bb h_padding=\u00a0\u00bb2&Prime; top_padding=\u00a0\u00bb4&Prime; bottom_padding=\u00a0\u00bb4&Prime; overlay_alpha=\u00a0\u00bb50&Prime; gutter_size=\u00a0\u00bb3&Prime; column_width_percent=\u00a0\u00bb100&Prime; shift_y=\u00a0\u00bb0&Prime; z_index=\u00a0\u00bb0&Prime; content_parallax=\u00a0\u00bb0&Prime; uncode_shortcode_id=\u00a0\u00bb101322&Prime;][vc_column width=\u00a0\u00bb1\/1&Prime;][vc_custom_heading heading_semantic=\u00a0\u00bbh1&Prime; uncode_shortcode_id=\u00a0\u00bb124485&Prime;]Comment l&rsquo;allocation de recherche est-elle cr\u00e9dit\u00e9e sur l&rsquo;imp\u00f4t sur le revenu ?[\/vc_custom_heading][vc_column_text uncode_shortcode_id=\u00a0\u00bb115016&Prime;]L&rsquo;allocation de recherche repr\u00e9sente un \u00e9l\u00e9ment cl\u00e9 du financement des doctorants en France. Mais comment cette allocation est-elle trait\u00e9e fiscalement ? D\u00e9couvrez les r\u00e8gles de cr\u00e9dit d&rsquo;imp\u00f4t et d&rsquo;optimisation fiscale li\u00e9es \u00e0 l&rsquo;allocation de recherche.[\/vc_column_text][\/vc_column][\/vc_row][vc_row row_height_percent=\u00a0\u00bb0&Prime; override_padding=\u00a0\u00bbyes\u00a0\u00bb h_padding=\u00a0\u00bb2&Prime; top_padding=\u00a0\u00bb0&Prime; bottom_padding=\u00a0\u00bb4&Prime; overlay_alpha=\u00a0\u00bb50&Prime; equal_height=\u00a0\u00bbyes\u00a0\u00bb gutter_size=\u00a0\u00bb0&Prime; column_width_percent=\u00a0\u00bb100&Prime; shift_y=\u00a0\u00bb0&Prime; z_index=\u00a0\u00bb0&Prime; content_parallax=\u00a0\u00bb0&Prime; uncode_shortcode_id=\u00a0\u00bb575487&Prime;][vc_column column_width_percent=\u00a0\u00bb100&Prime; gutter_size=\u00a0\u00bb3&Prime; back_image=\u00a0\u00bb114001&Prime; overlay_alpha=\u00a0\u00bb50&Prime; shift_x=\u00a0\u00bb0&Prime; shift_y=\u00a0\u00bb0&Prime; shift_y_down=\u00a0\u00bb0&Prime; z_index=\u00a0\u00bb0&Prime; medium_width=\u00a0\u00bb0&Prime; mobile_width=\u00a0\u00bb0&Prime; width=\u00a0\u00bb1\/2&Prime; uncode_shortcode_id=\u00a0\u00bb164964&Prime;][\/vc_column][vc_column column_width_percent=\u00a0\u00bb100&Prime; gutter_size=\u00a0\u00bb3&Prime; override_padding=\u00a0\u00bbyes\u00a0\u00bb column_padding=\u00a0\u00bb2&Prime; back_color=\u00a0\u00bbcolor-lxmt\u00a0\u00bb overlay_alpha=\u00a0\u00bb50&Prime; shift_x=\u00a0\u00bb0&Prime; shift_y=\u00a0\u00bb0&Prime; shift_y_down=\u00a0\u00bb0&Prime; z_index=\u00a0\u00bb0&Prime; medium_width=\u00a0\u00bb0&Prime; mobile_width=\u00a0\u00bb0&Prime; width=\u00a0\u00bb1\/2&Prime; uncode_shortcode_id=\u00a0\u00bb183102&Prime; back_color_type=\u00a0\u00bbuncode-palette\u00a0\u00bb][vc_custom_heading heading_semantic=\u00a0\u00bbh3&Prime; text_size=\u00a0\u00bbh3&Prime; uncode_shortcode_id=\u00a0\u00bb123684&Prime;]Qu&rsquo;est-ce que l&rsquo;allocation de recherche ?[\/vc_custom_heading][vc_column_text uncode_shortcode_id=\u00a0\u00bb475034&Prime;]L&rsquo;allocation de recherche constitue la r\u00e9mun\u00e9ration vers\u00e9e aux doctorants dans le cadre de leurs travaux de recherche. Elle remplace aujourd&rsquo;hui l&rsquo;ancien syst\u00e8me des bourses doctorales et offre un v\u00e9ritable statut de salari\u00e9 aux jeunes conf\u00e8re un statut de salari\u00e9 avec contrat de travail, protection sociale et droits associ\u00e9s<\/p>\n<p>Cette allocation se pr\u00e9sente sous diff\u00e9rentes formes selon le type de Ces dispositifs diff\u00e8rent principalement par la nature de l\u2019employeur (public, priv\u00e9 ou mixte) et les conditions de financement:[\/vc_column_text][uncode_list icon=\u00a0\u00bbfa fa-arrow-right2&Prime; uncode_shortcode_id=\u00a0\u00bb347415&Prime;]<\/p>\n<ul>\n<li><strong>Contrat doctoral de droit public<\/strong> : r\u00e9mun\u00e9ration progressive de 2 100 euros brut mensuel en 2024<\/li>\n<li><strong>Contrat doctoral de droit priv\u00e9<\/strong> : dispositif ouvert aux entreprises priv\u00e9es depuis 2020<\/li>\n<li><strong>Conventions CIFRE<\/strong> : salaire minimum de 23 484 euros brut annuel<\/li>\n<\/ul>\n<p>[\/uncode_list][\/vc_column][\/vc_row][vc_row unlock_row=\u00a0\u00bb\u00a0\u00bb row_height_percent=\u00a0\u00bb0&Prime; back_color=\u00a0\u00bbcolor-jevc\u00a0\u00bb overlay_alpha=\u00a0\u00bb50&Prime; gutter_size=\u00a0\u00bb3&Prime; column_width_percent=\u00a0\u00bb100&Prime; shift_y=\u00a0\u00bb0&Prime; z_index=\u00a0\u00bb0&Prime; content_parallax=\u00a0\u00bb0&Prime; uncode_shortcode_id=\u00a0\u00bb956764&Prime; back_color_type=\u00a0\u00bbuncode-palette\u00a0\u00bb][vc_column width=\u00a0\u00bb1\/2&Prime;][vc_custom_heading text_color=\u00a0\u00bbcolor-xsdn\u00a0\u00bb heading_semantic=\u00a0\u00bbh3&Prime; uncode_shortcode_id=\u00a0\u00bb781907&Prime; text_color_type=\u00a0\u00bbuncode-palette\u00a0\u00bb]Traitement fiscal de l&rsquo;allocation de recherche[\/vc_custom_heading][\/vc_column][vc_column width=\u00a0\u00bb1\/2&Prime;][vc_custom_heading text_color=\u00a0\u00bbcolor-xsdn\u00a0\u00bb heading_semantic=\u00a0\u00bbh3&Prime; text_size=\u00a0\u00bbh3&Prime; uncode_shortcode_id=\u00a0\u00bb204045&Prime; text_color_type=\u00a0\u00bbuncode-palette\u00a0\u00bb]This is a custom heading element.[\/vc_custom_heading][vc_column_text text_color=\u00a0\u00bbcolor-xsdn\u00a0\u00bb uncode_shortcode_id=\u00a0\u00bb146126&Prime; text_color_type=\u00a0\u00bbuncode-palette\u00a0\u00bb]L&rsquo;allocation de recherche est consid\u00e9r\u00e9e comme un revenu imposable au titre de l&rsquo;imp\u00f4t sur le revenu. Elle doit \u00eatre d\u00e9clar\u00e9e dans la cat\u00e9gorie des traitements et salaires, et figure \u00e0 ce titre dans la d\u00e9claration annuelle, dans la rubrique &lsquo;Traitements et salaires.<\/p>\n<p>Les doctorants b\u00e9n\u00e9ficiaires doivent donc :[\/vc_column_text][uncode_list uncode_shortcode_id=\u00a0\u00bb850485&Prime;]<\/p>\n<ul style=\"color: white;\">\n<li>D\u00e9clarer l&rsquo;int\u00e9gralit\u00e9 des montants per\u00e7us<\/li>\n<li>Appliquer l&rsquo;abattement forfaitaire de 10% pour frais professionnels<\/li>\n<li>Respecter les obligations d\u00e9claratives annuelles<\/li>\n<\/ul>\n<p>[\/uncode_list][vc_custom_heading text_color=\u00a0\u00bbcolor-xsdn\u00a0\u00bb heading_semantic=\u00a0\u00bbh3&Prime; text_size=\u00a0\u00bbh3&Prime; uncode_shortcode_id=\u00a0\u00bb150117&Prime; text_color_type=\u00a0\u00bbuncode-palette\u00a0\u00bb]This is a custom heading element.[\/vc_custom_heading][vc_column_text text_color=\u00a0\u00bbcolor-xsdn\u00a0\u00bb uncode_shortcode_id=\u00a0\u00bb205195&Prime; text_color_type=\u00a0\u00bbuncode-palette\u00a0\u00bb]L&rsquo;allocation de recherche est soumise aux cotisations sociales obligatoires, offrant ainsi une protection sociale compl\u00e8te aux doctorants. Cette particularit\u00e9 distingue nettement le syst\u00e8me fran\u00e7ais d&rsquo;autres pays europ\u00e9ens.[\/vc_column_text][\/vc_column][\/vc_row][vc_row unlock_row=\u00a0\u00bb\u00a0\u00bb row_height_percent=\u00a0\u00bb0&Prime; back_color=\u00a0\u00bbcolor-lxmt\u00a0\u00bb overlay_alpha=\u00a0\u00bb50&Prime; gutter_size=\u00a0\u00bb3&Prime; column_width_percent=\u00a0\u00bb100&Prime; shift_y=\u00a0\u00bb0&Prime; z_index=\u00a0\u00bb0&Prime; content_parallax=\u00a0\u00bb0&Prime; uncode_shortcode_id=\u00a0\u00bb869451&Prime; back_color_type=\u00a0\u00bbuncode-palette\u00a0\u00bb css=\u00a0\u00bb.vc_custom_1754660480969{margin-top: 100px !important;}\u00a0\u00bb][vc_column width=\u00a0\u00bb1\/2&Prime;][vc_custom_heading heading_semantic=\u00a0\u00bbh3&Prime; uncode_shortcode_id=\u00a0\u00bb193501&Prime;]Optimisation fiscale pour les b\u00e9n\u00e9ficiaires[\/vc_custom_heading][\/vc_column][vc_column width=\u00a0\u00bb1\/2&Prime;][vc_custom_heading heading_semantic=\u00a0\u00bbh3&Prime; text_size=\u00a0\u00bbh3&Prime; uncode_shortcode_id=\u00a0\u00bb238417&Prime;]D\u00e9ductions possibles[\/vc_custom_heading][vc_column_text uncode_shortcode_id=\u00a0\u00bb188414&Prime;]Les doctorants peuvent optimiser leur situation fiscale en d\u00e9duisant certaines d\u00e9penses li\u00e9es \u00e0 leurs travaux de recherche :[\/vc_column_text][uncode_list uncode_shortcode_id=\u00a0\u00bb100652&Prime;]<\/p>\n<ul>\n<li>Frais de mission : d\u00e9placements pour colloques et conf\u00e9rences<\/li>\n<li>Mat\u00e9riel informatique : \u00e9quipements n\u00e9cessaires aux recherches<\/li>\n<li>Documentation sp\u00e9cialis\u00e9e : ouvrages et abonnements scientifiques<\/li>\n<li>Frais de formation : participations \u00e0 des s\u00e9minaires professionnels<\/li>\n<\/ul>\n<p>[\/uncode_list][vc_column_text uncode_shortcode_id=\u00a0\u00bb140051&Prime;]Par exemple, un doctorant se rendant \u00e0 un colloque international peut d\u00e9duire les frais de transport, d\u2019h\u00e9bergement et d\u2019inscription[\/vc_column_text][vc_custom_heading heading_semantic=\u00a0\u00bbh3&Prime; text_size=\u00a0\u00bbh3&Prime; uncode_shortcode_id=\u00a0\u00bb321588&Prime;]Avantages sp\u00e9cifiques[\/vc_custom_heading][vc_column_text uncode_shortcode_id=\u00a0\u00bb528866&Prime;]Certaines situations permettent d&rsquo;optimiser davantage la fiscalit\u00e9 :[\/vc_column_text][uncode_list uncode_shortcode_id=\u00a0\u00bb114114&Prime;]<\/p>\n<ul>\n<li>Cr\u00e9dit d&rsquo;imp\u00f4t pour frais de garde d&rsquo;enfants<\/li>\n<li>R\u00e9duction d&rsquo;imp\u00f4t pour dons aux organismes de recherche<\/li>\n<li>D\u00e9ductions pour cotisations retraite compl\u00e9mentaire<\/li>\n<\/ul>\n<p>[\/uncode_list][\/vc_column][\/vc_row][vc_row row_height_percent=\u00a0\u00bb0&Prime; override_padding=\u00a0\u00bbyes\u00a0\u00bb h_padding=\u00a0\u00bb2&Prime; top_padding=\u00a0\u00bb4&Prime; bottom_padding=\u00a0\u00bb4&Prime; overlay_alpha=\u00a0\u00bb50&Prime; gutter_size=\u00a0\u00bb3&Prime; column_width_percent=\u00a0\u00bb100&Prime; shift_y=\u00a0\u00bb0&Prime; z_index=\u00a0\u00bb0&Prime; content_parallax=\u00a0\u00bb0&Prime; uncode_shortcode_id=\u00a0\u00bb101296&Prime;][vc_column width=\u00a0\u00bb1\/2&Prime;][vc_custom_heading uncode_shortcode_id=\u00a0\u00bb133880&Prime;]Cr\u00e9dit d&rsquo;imp\u00f4t recherche pour les entreprises[\/vc_custom_heading][\/vc_column][vc_column width=\u00a0\u00bb1\/2&Prime;][vc_custom_heading heading_semantic=\u00a0\u00bbh3&Prime; text_size=\u00a0\u00bbh3&Prime; uncode_shortcode_id=\u00a0\u00bb106926&Prime;]Principe du dispositif[\/vc_custom_heading][vc_column_text uncode_shortcode_id=\u00a0\u00bb158254&Prime;]Le cr\u00e9dit d&rsquo;imp\u00f4t recherche (CIR) permet aux entreprises de d\u00e9duire une partie de leurs d\u00e9penses de recherche et d\u00e9veloppement. Les d\u00e9penses d&rsquo;allocation de recherche dans le cadre de collaborations peuvent \u00eatre \u00e9ligibles \u00e0 ce dispositif.[\/vc_column_text][vc_custom_heading heading_semantic=\u00a0\u00bbh3&Prime; text_size=\u00a0\u00bbh3&Prime; uncode_shortcode_id=\u00a0\u00bb829349&Prime;]Calcul et taux[\/vc_custom_heading][vc_column_text uncode_shortcode_id=\u00a0\u00bb637256&Prime;]Le CIR s&rsquo;applique selon les taux suivants :[\/vc_column_text][uncode_list uncode_shortcode_id=\u00a0\u00bb591905&Prime;]<\/p>\n<ul>\n<li><strong>30%<\/strong> pour les d\u00e9penses inf\u00e9rieures \u00e0 100 millions d&rsquo;euros<\/li>\n<li><strong>5%<\/strong> pour les d\u00e9penses sup\u00e9rieures \u00e0 100 millions d&rsquo;euros<\/li>\n<\/ul>\n<p>[\/uncode_list][vc_column_text uncode_shortcode_id=\u00a0\u00bb125617&Prime;]Les entreprises des d\u00e9partements d&rsquo;outre-mer b\u00e9n\u00e9ficient d&rsquo;un taux major\u00e9 de 50% pour la premi\u00e8re tranche.[\/vc_column_text][vc_custom_heading heading_semantic=\u00a0\u00bbh3&Prime; text_size=\u00a0\u00bbh3&Prime; uncode_shortcode_id=\u00a0\u00bb161343&Prime;]\u00c9ligibilit\u00e9 des d\u00e9penses[\/vc_custom_heading][vc_column_text uncode_shortcode_id=\u00a0\u00bb359021&Prime;]Les d\u00e9penses d&rsquo;allocation de recherche sont \u00e9ligibles au CIR lorsqu&rsquo;elles concernent :[\/vc_column_text][uncode_list uncode_shortcode_id=\u00a0\u00bb136598&Prime;]<\/p>\n<ul>\n<li>Personnel de recherche directement affect\u00e9 aux projets<\/li>\n<li>Collaborations avec des organismes de recherche publics<\/li>\n<li>Contrats CIFRE avec des doctorants<\/li>\n<li>Activit\u00e9s de recherche fondamentale ou appliqu\u00e9e<\/li>\n<\/ul>\n<p>[\/uncode_list][\/vc_column][\/vc_row][vc_row unlock_row=\u00a0\u00bb\u00a0\u00bb row_height_percent=\u00a0\u00bb0&Prime; back_color=\u00a0\u00bbcolor-jevc\u00a0\u00bb overlay_alpha=\u00a0\u00bb50&Prime; gutter_size=\u00a0\u00bb3&Prime; column_width_percent=\u00a0\u00bb100&Prime; shift_y=\u00a0\u00bb0&Prime; z_index=\u00a0\u00bb0&Prime; content_parallax=\u00a0\u00bb0&Prime; uncode_shortcode_id=\u00a0\u00bb337101&Prime; back_color_type=\u00a0\u00bbuncode-palette\u00a0\u00bb][vc_column width=\u00a0\u00bb1\/1&Prime;][vc_custom_heading text_color=\u00a0\u00bbcolor-xsdn\u00a0\u00bb heading_semantic=\u00a0\u00bbh3&Prime; uncode_shortcode_id=\u00a0\u00bb166453&Prime; text_color_type=\u00a0\u00bbuncode-palette\u00a0\u00bb]Strat\u00e9gies d&rsquo;optimisation pour les entreprises[\/vc_custom_heading][vc_row_inner][vc_column_inner width=\u00a0\u00bb1\/2&Prime;][vc_custom_heading text_color=\u00a0\u00bbcolor-xsdn\u00a0\u00bb heading_semantic=\u00a0\u00bbh3&Prime; text_size=\u00a0\u00bbh3&Prime; uncode_shortcode_id=\u00a0\u00bb938320&Prime; text_color_type=\u00a0\u00bbuncode-palette\u00a0\u00bb]Partenariats recherche-entreprise[\/vc_custom_heading][vc_column_text text_color=\u00a0\u00bbcolor-xsdn\u00a0\u00bb uncode_shortcode_id=\u00a0\u00bb441483&Prime; text_color_type=\u00a0\u00bbuncode-palette\u00a0\u00bb]Les entreprises peuvent optimiser leur CIR en d\u00e9veloppant des partenariats avec des laboratoires universitaires. Ces collaborations permettent de :[\/vc_column_text][uncode_list uncode_shortcode_id=\u00a0\u00bb422662&Prime;]<\/p>\n<ul style=\"color: white;\">\n<li>B\u00e9n\u00e9ficier de taux pr\u00e9f\u00e9rentiels pour les d\u00e9penses externalis\u00e9es<\/li>\n<li>Acc\u00e9der \u00e0 des comp\u00e9tences de haut niveau<\/li>\n<li>D\u00e9velopper des projets innovants<\/li>\n<li>R\u00e9duire les co\u00fbts de recherche interne<\/li>\n<\/ul>\n<p>[\/uncode_list][\/vc_column_inner][vc_column_inner width=\u00a0\u00bb1\/2&Prime;][vc_custom_heading text_color=\u00a0\u00bbcolor-xsdn\u00a0\u00bb heading_semantic=\u00a0\u00bbh3&Prime; text_size=\u00a0\u00bbh3&Prime; uncode_shortcode_id=\u00a0\u00bb176346&Prime; text_color_type=\u00a0\u00bbuncode-palette\u00a0\u00bb]Documentation et justification[\/vc_custom_heading][vc_column_text text_color=\u00a0\u00bbcolor-xsdn\u00a0\u00bb uncode_shortcode_id=\u00a0\u00bb184235&Prime; text_color_type=\u00a0\u00bbuncode-palette\u00a0\u00bb]Pour maximiser les avantages du CIR, les entreprises doivent :[\/vc_column_text][uncode_list uncode_shortcode_id=\u00a0\u00bb125955&Prime;]<\/p>\n<ul style=\"color: white;\">\n<li>Documenter pr\u00e9cis\u00e9ment les projets de recherche<\/li>\n<li>Justifier l&rsquo;affectation des d\u00e9penses d&rsquo;allocation<\/li>\n<li>Conserver tous les justificatifs pendant 6 ans<\/li>\n<li>\u00c9tablir des rapports d\u00e9taill\u00e9s pour les gros projets<\/li>\n<\/ul>\n<p>[\/uncode_list][\/vc_column_inner][\/vc_row_inner][\/vc_column][\/vc_row][vc_row row_height_percent=\u00a0\u00bb0&Prime; override_padding=\u00a0\u00bbyes\u00a0\u00bb h_padding=\u00a0\u00bb2&Prime; top_padding=\u00a0\u00bb4&Prime; bottom_padding=\u00a0\u00bb4&Prime; overlay_alpha=\u00a0\u00bb50&Prime; gutter_size=\u00a0\u00bb3&Prime; column_width_percent=\u00a0\u00bb100&Prime; shift_y=\u00a0\u00bb0&Prime; z_index=\u00a0\u00bb0&Prime; content_parallax=\u00a0\u00bb0&Prime; uncode_shortcode_id=\u00a0\u00bb142587&Prime;][vc_column width=\u00a0\u00bb1\/3&Prime;][vc_custom_heading heading_semantic=\u00a0\u00bbh3&Prime; uncode_shortcode_id=\u00a0\u00bb127731&Prime;]\u00c9volutions r\u00e9glementaires r\u00e9centes[\/vc_custom_heading][\/vc_column][vc_column width=\u00a0\u00bb1\/3&Prime;][vc_custom_heading heading_semantic=\u00a0\u00bbh3&Prime; text_size=\u00a0\u00bbh3&Prime; uncode_shortcode_id=\u00a0\u00bb940160&Prime;]Modifications 2025[\/vc_custom_heading][vc_column_text uncode_shortcode_id=\u00a0\u00bb768073&Prime;]La loi de finances 2025 apporte plusieurs changements significatifs :[\/vc_column_text][uncode_list uncode_shortcode_id=\u00a0\u00bb164420&Prime;]<\/p>\n<ul>\n<li>Suppression du r\u00e9gime jeune docteur du CIR<\/li>\n<li>R\u00e9duction du taux de prise en compte des frais de fonctionnement<\/li>\n<li>Clarification de la d\u00e9finition des subventions publiques<\/li>\n<\/ul>\n<p>[\/uncode_list][\/vc_column][vc_column width=\u00a0\u00bb1\/3&Prime;][vc_custom_heading heading_semantic=\u00a0\u00bbh3&Prime; text_size=\u00a0\u00bbh3&Prime; uncode_shortcode_id=\u00a0\u00bb204100&Prime;]Impact sur les allocations[\/vc_custom_heading][vc_column_text uncode_shortcode_id=\u00a0\u00bb198334&Prime;]Ces modifications affectent directement le traitement fiscal des allocations de recherche :[\/vc_column_text][uncode_list uncode_shortcode_id=\u00a0\u00bb567317&Prime;]<\/p>\n<ul>\n<li>Nouvelles r\u00e8gles de calcul pour les entreprises<\/li>\n<li>\u00c9volution des taux de d\u00e9duction<\/li>\n<li>Adaptation des proc\u00e9dures d\u00e9claratives<\/li>\n<\/ul>\n<p>[\/uncode_list][\/vc_column][\/vc_row][vc_row row_height_percent=\u00a0\u00bb0&Prime; override_padding=\u00a0\u00bbyes\u00a0\u00bb h_padding=\u00a0\u00bb2&Prime; top_padding=\u00a0\u00bb0&Prime; bottom_padding=\u00a0\u00bb4&Prime; overlay_alpha=\u00a0\u00bb50&Prime; equal_height=\u00a0\u00bbyes\u00a0\u00bb gutter_size=\u00a0\u00bb0&Prime; column_width_percent=\u00a0\u00bb100&Prime; shift_y=\u00a0\u00bb0&Prime; z_index=\u00a0\u00bb0&Prime; content_parallax=\u00a0\u00bb0&Prime; uncode_shortcode_id=\u00a0\u00bb119503&Prime;][vc_column column_width_percent=\u00a0\u00bb100&Prime; gutter_size=\u00a0\u00bb3&Prime; back_image=\u00a0\u00bb114670&Prime; overlay_alpha=\u00a0\u00bb50&Prime; shift_x=\u00a0\u00bb0&Prime; shift_y=\u00a0\u00bb0&Prime; shift_y_down=\u00a0\u00bb0&Prime; z_index=\u00a0\u00bb0&Prime; medium_width=\u00a0\u00bb0&Prime; mobile_width=\u00a0\u00bb0&Prime; width=\u00a0\u00bb1\/2&Prime; uncode_shortcode_id=\u00a0\u00bb132333&Prime;][\/vc_column][vc_column column_width_percent=\u00a0\u00bb100&Prime; gutter_size=\u00a0\u00bb3&Prime; override_padding=\u00a0\u00bbyes\u00a0\u00bb column_padding=\u00a0\u00bb2&Prime; back_color=\u00a0\u00bbcolor-lxmt\u00a0\u00bb overlay_alpha=\u00a0\u00bb50&Prime; shift_x=\u00a0\u00bb0&Prime; shift_y=\u00a0\u00bb0&Prime; shift_y_down=\u00a0\u00bb0&Prime; z_index=\u00a0\u00bb0&Prime; medium_width=\u00a0\u00bb0&Prime; mobile_width=\u00a0\u00bb0&Prime; width=\u00a0\u00bb1\/2&Prime; uncode_shortcode_id=\u00a0\u00bb208991&Prime; back_color_type=\u00a0\u00bbuncode-palette\u00a0\u00bb][vc_custom_heading heading_semantic=\u00a0\u00bbh3&Prime; uncode_shortcode_id=\u00a0\u00bb165232&Prime;]Conseils pratiques pour l&rsquo;optimisation[\/vc_custom_heading][vc_custom_heading heading_semantic=\u00a0\u00bbh3&Prime; text_size=\u00a0\u00bbh3&Prime; uncode_shortcode_id=\u00a0\u00bb274623&Prime;]Pour les doctorants[\/vc_custom_heading][uncode_list uncode_shortcode_id=\u00a0\u00bb243591&Prime;]<\/p>\n<ul>\n<li>Tenir un registre d\u00e9taill\u00e9 des d\u00e9penses professionnelles<\/li>\n<li>Conserver tous les justificatifs de frais<\/li>\n<li>Consulter un expert-comptable pour les situations complexes<\/li>\n<li>Anticiper les d\u00e9clarations annuelles<\/li>\n<\/ul>\n<p>[\/uncode_list][vc_custom_heading heading_semantic=\u00a0\u00bbh3&Prime; text_size=\u00a0\u00bbh3&Prime; uncode_shortcode_id=\u00a0\u00bb200040&Prime;]Pour les entreprises[\/vc_custom_heading][uncode_list uncode_shortcode_id=\u00a0\u00bb186372&Prime;]<\/p>\n<ul>\n<li>\u00c9valuer l&rsquo;\u00e9ligibilit\u00e9 des projets de recherche<\/li>\n<li>Structurer les collaborations avec les laboratoires<\/li>\n<li>Mettre en place une comptabilit\u00e9 analytique pr\u00e9cise<\/li>\n<li>Faire appel \u00e0 des sp\u00e9cialistes du CIR<\/li>\n<\/ul>\n<p>[\/uncode_list][\/vc_column][\/vc_row][vc_row row_height_percent=\u00a0\u00bb0&Prime; override_padding=\u00a0\u00bbyes\u00a0\u00bb h_padding=\u00a0\u00bb2&Prime; top_padding=\u00a0\u00bb0&Prime; bottom_padding=\u00a0\u00bb4&Prime; overlay_alpha=\u00a0\u00bb50&Prime; equal_height=\u00a0\u00bbyes\u00a0\u00bb gutter_size=\u00a0\u00bb0&Prime; column_width_percent=\u00a0\u00bb100&Prime; shift_y=\u00a0\u00bb0&Prime; z_index=\u00a0\u00bb0&Prime; content_parallax=\u00a0\u00bb0&Prime; uncode_shortcode_id=\u00a0\u00bb119503&Prime;][vc_column column_width_percent=\u00a0\u00bb100&Prime; gutter_size=\u00a0\u00bb3&Prime; override_padding=\u00a0\u00bbyes\u00a0\u00bb column_padding=\u00a0\u00bb2&Prime; back_color=\u00a0\u00bbcolor-lxmt\u00a0\u00bb overlay_alpha=\u00a0\u00bb50&Prime; shift_x=\u00a0\u00bb0&Prime; shift_y=\u00a0\u00bb0&Prime; shift_y_down=\u00a0\u00bb0&Prime; z_index=\u00a0\u00bb0&Prime; medium_width=\u00a0\u00bb0&Prime; mobile_width=\u00a0\u00bb0&Prime; width=\u00a0\u00bb1\/2&Prime; uncode_shortcode_id=\u00a0\u00bb208991&Prime; back_color_type=\u00a0\u00bbuncode-palette\u00a0\u00bb][vc_custom_heading heading_semantic=\u00a0\u00bbh3&Prime; uncode_shortcode_id=\u00a0\u00bb166137&Prime;]Perspectives d&rsquo;avenir[\/vc_custom_heading][vc_custom_heading heading_semantic=\u00a0\u00bbh3&Prime; text_size=\u00a0\u00bbh3&Prime; uncode_shortcode_id=\u00a0\u00bb247119&Prime;]\u00c9volution du syst\u00e8me[\/vc_custom_heading][vc_column_text uncode_shortcode_id=\u00a0\u00bb154154&Prime;]Le syst\u00e8me fran\u00e7ais d&rsquo;allocation de recherche continue d&rsquo;\u00e9voluer pour s&rsquo;adapter aux enjeux contemporains :[\/vc_column_text][uncode_list uncode_shortcode_id=\u00a0\u00bb909573&Prime;]<\/p>\n<ul>\n<li>Digitalisation des processus de candidature<\/li>\n<li>Harmonisation europ\u00e9enne des dispositifs<\/li>\n<li>Renforcement des partenariats public-priv\u00e9<\/li>\n<\/ul>\n<p>[\/uncode_list][vc_custom_heading heading_semantic=\u00a0\u00bbh3&Prime; text_size=\u00a0\u00bbh3&Prime; uncode_shortcode_id=\u00a0\u00bb159068&Prime;]Opportunit\u00e9s \u00e9mergentes[\/vc_custom_heading][vc_column_text uncode_shortcode_id=\u00a0\u00bb653814&Prime;]De nouvelles opportunit\u00e9s d&rsquo;optimisation fiscale apparaissent :[\/vc_column_text][uncode_list uncode_shortcode_id=\u00a0\u00bb154650&Prime;]<\/p>\n<ul>\n<li>Dispositifs r\u00e9gionaux compl\u00e9mentaires<\/li>\n<li>Cr\u00e9dits d&rsquo;imp\u00f4t sp\u00e9cialis\u00e9s par secteur<\/li>\n<li>M\u00e9canismes de financement innovants<\/li>\n<\/ul>\n<p>[\/uncode_list][\/vc_column][vc_column column_width_percent=\u00a0\u00bb100&Prime; gutter_size=\u00a0\u00bb3&Prime; back_image=\u00a0\u00bb114675&Prime; overlay_alpha=\u00a0\u00bb50&Prime; shift_x=\u00a0\u00bb0&Prime; shift_y=\u00a0\u00bb0&Prime; shift_y_down=\u00a0\u00bb0&Prime; z_index=\u00a0\u00bb0&Prime; medium_width=\u00a0\u00bb0&Prime; mobile_width=\u00a0\u00bb0&Prime; width=\u00a0\u00bb1\/2&Prime; uncode_shortcode_id=\u00a0\u00bb787385&Prime;][\/vc_column][\/vc_row][vc_row row_height_percent=\u00a0\u00bb0&Prime; override_padding=\u00a0\u00bbyes\u00a0\u00bb h_padding=\u00a0\u00bb2&Prime; top_padding=\u00a0\u00bb0&Prime; bottom_padding=\u00a0\u00bb4&Prime; overlay_alpha=\u00a0\u00bb50&Prime; gutter_size=\u00a0\u00bb3&Prime; column_width_percent=\u00a0\u00bb100&Prime; shift_y=\u00a0\u00bb0&Prime; z_index=\u00a0\u00bb0&Prime; content_parallax=\u00a0\u00bb0&Prime; uncode_shortcode_id=\u00a0\u00bb638967&Prime;][vc_column width=\u00a0\u00bb1\/1&Prime;][vc_custom_heading heading_semantic=\u00a0\u00bbh3&Prime; uncode_shortcode_id=\u00a0\u00bb132917&Prime;]Maximisez vos avantages fiscaux[\/vc_custom_heading][vc_column_text uncode_shortcode_id=\u00a0\u00bb359301&Prime;]L&rsquo;allocation de recherche b\u00e9n\u00e9ficie d&rsquo;un traitement fiscal sp\u00e9cifique qui peut \u00eatre optimis\u00e9 tant pour les doctorants que pour les entreprises. La compr\u00e9hension des m\u00e9canismes de cr\u00e9dit d&rsquo;imp\u00f4t et des strat\u00e9gies d&rsquo;optimisation permet de maximiser les avantages fiscaux disponibles.<\/p>\n<p>Les r\u00e9centes \u00e9volutions r\u00e9glementaires rendent plus que jamais n\u00e9cessaire un accompagnement expert pour naviguer dans cette complexit\u00e9 fiscale. Une approche structur\u00e9e et anticip\u00e9e permet de s\u00e9curiser les avantages fiscaux et d&rsquo;optimiser les co\u00fbts de recherche.<\/p>\n<p>Pour d\u00e9velopper une strat\u00e9gie fiscale optimale autour de l&rsquo;allocation de recherche, contactez notre \u00e9quipe d&rsquo;experts chez Pagestreet. Notre outil SaaS sp\u00e9cialis\u00e9 vous accompagne dans l&rsquo;identification et la maximisation de vos avantages fiscaux li\u00e9s \u00e0 la recherche et d\u00e9veloppement.[\/vc_column_text][\/vc_column][\/vc_row]<\/p>\n<\/div>","protected":false},"excerpt":{"rendered":"<p>[vc_row row_height_percent=\u00a0\u00bb0&Prime; override_padding=\u00a0\u00bbyes\u00a0\u00bb h_padding=\u00a0\u00bb2&Prime; top_padding=\u00a0\u00bb4&Prime; bottom_padding=\u00a0\u00bb4&Prime; overlay_alpha=\u00a0\u00bb50&Prime; gutter_size=\u00a0\u00bb3&Prime; column_width_percent=\u00a0\u00bb100&Prime; shift_y=\u00a0\u00bb0&Prime; z_index=\u00a0\u00bb0&Prime; content_parallax=\u00a0\u00bb0&Prime; uncode_shortcode_id=\u00a0\u00bb101322&Prime;][vc_column width=\u00a0\u00bb1\/1&Prime;][vc_custom_heading heading_semantic=\u00a0\u00bbh1&Prime; uncode_shortcode_id=\u00a0\u00bb124485&Prime;]Comment l&rsquo;allocation de recherche est-elle [&hellip;]<\/p>\n","protected":false},"author":8,"featured_media":114670,"comment_status":"open","ping_status":"open","sticky":false,"template":"","format":"standard","meta":{"footnotes":""},"categories":[356],"tags":[],"class_list":["post-114650","post","type-post","status-publish","format-standard","has-post-thumbnail","hentry","category-blog-fr"],"_links":{"self":[{"href":"https:\/\/pagestreet.com\/fr\/wp-json\/wp\/v2\/posts\/114650","targetHints":{"allow":["GET"]}}],"collection":[{"href":"https:\/\/pagestreet.com\/fr\/wp-json\/wp\/v2\/posts"}],"about":[{"href":"https:\/\/pagestreet.com\/fr\/wp-json\/wp\/v2\/types\/post"}],"author":[{"embeddable":true,"href":"https:\/\/pagestreet.com\/fr\/wp-json\/wp\/v2\/users\/8"}],"replies":[{"embeddable":true,"href":"https:\/\/pagestreet.com\/fr\/wp-json\/wp\/v2\/comments?post=114650"}],"version-history":[{"count":10,"href":"https:\/\/pagestreet.com\/fr\/wp-json\/wp\/v2\/posts\/114650\/revisions"}],"predecessor-version":[{"id":114685,"href":"https:\/\/pagestreet.com\/fr\/wp-json\/wp\/v2\/posts\/114650\/revisions\/114685"}],"wp:featuredmedia":[{"embeddable":true,"href":"https:\/\/pagestreet.com\/fr\/wp-json\/wp\/v2\/media\/114670"}],"wp:attachment":[{"href":"https:\/\/pagestreet.com\/fr\/wp-json\/wp\/v2\/media?parent=114650"}],"wp:term":[{"taxonomy":"category","embeddable":true,"href":"https:\/\/pagestreet.com\/fr\/wp-json\/wp\/v2\/categories?post=114650"},{"taxonomy":"post_tag","embeddable":true,"href":"https:\/\/pagestreet.com\/fr\/wp-json\/wp\/v2\/tags?post=114650"}],"curies":[{"name":"wp","href":"https:\/\/api.w.org\/{rel}","templated":true}]}}